{"id":9298,"date":"2025-11-05T09:39:56","date_gmt":"2025-11-05T09:39:56","guid":{"rendered":"https:\/\/naturgesund-bw.de\/?p=9298"},"modified":"2025-12-11T11:01:13","modified_gmt":"2025-12-11T11:01:13","slug":"les-stations-thermales-et-balneaires-du-pays-ont-besoin-dinvestissements-de-plusieurs-millions","status":"publish","type":"post","link":"https:\/\/naturgesund-bw.de\/fr\/heilbaeder-und-kurorte-im-land-sehen-investitionsbedarf-in-millionenhoehe\/","title":{"rendered":"Les stations thermales et les centres de cure du Land ont besoin d'investissements \u00e0 hauteur de plusieurs millions"},"content":{"rendered":"<div data-elementor-type=\"wp-post\" data-elementor-id=\"9298\" class=\"elementor elementor-9298\" data-elementor-post-type=\"post\">\n\t\t\t\t\t\t<section class=\"elementor-section elementor-top-section elementor-element elementor-element-1aa58e3a elementor-section-full_width elementor-section-height-min-height elementor-section-items-top elementor-section-height-default\" data-id=\"1aa58e3a\" data-element_type=\"section\" data-e-type=\"section\" data-settings=\"{&quot;background_background&quot;:&quot;classic&quot;}\">\n\t\t\t\t\t\t<div class=\"elementor-container elementor-column-gap-default\">\n\t\t\t\t\t<div class=\"elementor-column elementor-col-20 elementor-top-column elementor-element elementor-element-794fb6ea\" data-id=\"794fb6ea\" data-element_type=\"column\" data-e-type=\"column\">\n\t\t\t<div class=\"elementor-widget-wrap\">\n\t\t\t\t\t\t\t<\/div>\n\t\t<\/div>\n\t\t\t\t<div class=\"elementor-column elementor-col-20 elementor-top-column elementor-element elementor-element-6f1c6e66\" data-id=\"6f1c6e66\" data-element_type=\"column\" data-e-type=\"column\">\n\t\t\t<div class=\"elementor-widget-wrap\">\n\t\t\t\t\t\t\t<\/div>\n\t\t<\/div>\n\t\t\t\t<div class=\"elementor-column elementor-col-20 elementor-top-column elementor-element elementor-element-dd97f67\" data-id=\"dd97f67\" data-element_type=\"column\" data-e-type=\"column\">\n\t\t\t<div class=\"elementor-widget-wrap elementor-element-populated\">\n\t\t\t\t\t\t<div class=\"elementor-element elementor-element-7d2d023b elementor-widget elementor-widget-heading\" data-id=\"7d2d023b\" data-element_type=\"widget\" data-e-type=\"widget\" data-widget_type=\"heading.default\">\n\t\t\t\t<div class=\"elementor-widget-container\">\n\t\t\t\t\t<p class=\"elementor-heading-title elementor-size-default\">04. novembre 2025<\/p>\t\t\t\t<\/div>\n\t\t\t\t<\/div>\n\t\t\t\t<div class=\"elementor-element elementor-element-5200421a elementor-widget elementor-widget-heading\" data-id=\"5200421a\" data-element_type=\"widget\" data-e-type=\"widget\" data-widget_type=\"heading.default\">\n\t\t\t\t<div class=\"elementor-widget-container\">\n\t\t\t\t\t<h1 class=\"elementor-heading-title elementor-size-default\">Journ\u00e9e des thermes 2025 : les stations thermales et les centres de cure du Land ont besoin d'investissements \u00e0 hauteur de plusieurs millions<\/h1>\t\t\t\t<\/div>\n\t\t\t\t<\/div>\n\t\t\t\t<div class=\"elementor-element elementor-element-345a8618 elementor-widget elementor-widget-image\" data-id=\"345a8618\" data-element_type=\"widget\" data-e-type=\"widget\" data-widget_type=\"image.default\">\n\t\t\t\t<div class=\"elementor-widget-container\">\n\t\t\t\t\t\t\t\t\t\t\t\t\t\t\t<img fetchpriority=\"high\" decoding=\"async\" width=\"900\" height=\"506\" src=\"https:\/\/naturgesund-bw.de\/wp-content\/uploads\/2025\/11\/image00028.jpg\" class=\"attachment-full size-full wp-image-9316\" alt=\"Participants \u00e0 la table ronde lors de la journ\u00e9e des stations thermales du Bade-Wurtemberg le 4 novembre 2025 \u00e0 Bad Krozingen.\" srcset=\"https:\/\/naturgesund-bw.de\/wp-content\/uploads\/2025\/11\/image00028.jpg 900w, https:\/\/naturgesund-bw.de\/wp-content\/uploads\/2025\/11\/image00028-300x169.jpg 300w, https:\/\/naturgesund-bw.de\/wp-content\/uploads\/2025\/11\/image00028-768x432.jpg 768w, https:\/\/naturgesund-bw.de\/wp-content\/uploads\/2025\/11\/image00028-18x10.jpg 18w\" sizes=\"(max-width: 900px) 100vw, 900px\" \/>\t\t\t\t\t\t\t\t\t\t\t\t\t\t\t<\/div>\n\t\t\t\t<\/div>\n\t\t\t\t\t<\/div>\n\t\t<\/div>\n\t\t\t\t<div class=\"elementor-column elementor-col-20 elementor-top-column elementor-element elementor-element-22df6c7c\" data-id=\"22df6c7c\" data-element_type=\"column\" data-e-type=\"column\">\n\t\t\t<div class=\"elementor-widget-wrap\">\n\t\t\t\t\t\t\t<\/div>\n\t\t<\/div>\n\t\t\t\t<div class=\"elementor-column elementor-col-20 elementor-top-column elementor-element elementor-element-124ccf63\" data-id=\"124ccf63\" data-element_type=\"column\" data-e-type=\"column\">\n\t\t\t<div class=\"elementor-widget-wrap\">\n\t\t\t\t\t\t\t<\/div>\n\t\t<\/div>\n\t\t\t\t\t<\/div>\n\t\t<\/section>\n\t\t\t\t<section class=\"elementor-section elementor-top-section elementor-element elementor-element-27b11ab6 elementor-section-full_width elementor-section-height-default elementor-section-height-default\" data-id=\"27b11ab6\" data-element_type=\"section\" data-e-type=\"section\">\n\t\t\t\t\t\t<div class=\"elementor-container elementor-column-gap-default\">\n\t\t\t\t\t<div class=\"elementor-column elementor-col-20 elementor-top-column elementor-element elementor-element-7e107b81 elementor-hidden-mobile\" data-id=\"7e107b81\" data-element_type=\"column\" data-e-type=\"column\">\n\t\t\t<div class=\"elementor-widget-wrap\">\n\t\t\t\t\t\t\t<\/div>\n\t\t<\/div>\n\t\t\t\t<div class=\"elementor-column elementor-col-20 elementor-top-column elementor-element elementor-element-77f85fb7\" data-id=\"77f85fb7\" data-element_type=\"column\" data-e-type=\"column\">\n\t\t\t<div class=\"elementor-widget-wrap\">\n\t\t\t\t\t\t\t<\/div>\n\t\t<\/div>\n\t\t\t\t<div class=\"elementor-column elementor-col-20 elementor-top-column elementor-element elementor-element-5b871e0\" data-id=\"5b871e0\" data-element_type=\"column\" data-e-type=\"column\">\n\t\t\t<div class=\"elementor-widget-wrap elementor-element-populated\">\n\t\t\t\t\t\t<div class=\"elementor-element elementor-element-38b6e9cb elementor-widget elementor-widget-text-editor\" data-id=\"38b6e9cb\" data-element_type=\"widget\" data-e-type=\"widget\" data-widget_type=\"text-editor.default\">\n\t\t\t\t<div class=\"elementor-widget-container\">\n\t\t\t\t\t\t\t\t\t<ul>\n<li><strong>83 % des exploitants de thermes interrog\u00e9s doivent investir<\/strong><\/li>\n<li><strong>Les d\u00e9ficits records des budgets communaux compliquent les investissements<\/strong><\/li>\n<li><strong>De nouvelles offres destin\u00e9es \u00e0 la jeune g\u00e9n\u00e9ration devraient renforcer l'attractivit\u00e9<\/strong><\/li>\n<\/ul>\n<p>\u00a0<\/p>\n<p><strong>STUTTGART. L'importance \u00e9conomique du tourisme dans les destinations de d\u00e9tente et de sant\u00e9 du Bade-Wurtemberg reste \u00e9lev\u00e9e, mais l\u00e0 aussi, des menaces p\u00e8sent : les exploitants estiment en effet \u00e0 130 millions d'euros les seuls besoins d'investissement pour l'entretien des thermes dans les stations thermales et les centres de cure. \u00ab Une somme dont les communes ne disposent pas actuellement en raison de leur situation budg\u00e9taire tendue \u00bb, comme l'a soulign\u00e9 Fritz Link, pr\u00e9sident de l'association des stations thermales, lors de la journ\u00e9e des thermes 2025 \u00e0 Bad Krozingen. M. Link estime donc d'autant plus important que le programme d'infrastructure du gouvernement f\u00e9d\u00e9ral alloue \u00ab rapidement et sans formalit\u00e9s administratives \u00bb des fonds aux communes pour l'entretien des structures thermales. Le pr\u00e9sident consid\u00e8re les \u00e9tablissements de son association comme \u00ab un sismographe de la soci\u00e9t\u00e9 : nous nous occupons des questions de num\u00e9risation, de pr\u00e9vention et d'offres de sant\u00e9 mentale afin de ne pas perdre la jeune g\u00e9n\u00e9ration et donc nos clients de demain \u00bb. <\/strong><\/p>\n<p>D'innombrables \u00e9tudes le prouvent : les 18-24 ans d'aujourd'hui, \u00e9galement appel\u00e9s g\u00e9n\u00e9ration Z, ont une autre conception de la sant\u00e9. \u00ab Beaucoup plus conscients et r\u00e9fl\u00e9chis \u00bb, ces jeunes se concentrent davantage sur la sant\u00e9 mentale, la pr\u00e9vention et l'\u00e9quilibre entre vie professionnelle et vie priv\u00e9e, explique Frederike Gramm, sp\u00e9cialiste en sciences de la sant\u00e9, lors de la journ\u00e9e des thermes. La jeune g\u00e9n\u00e9ration souhaite avoir son mot \u00e0 dire, participer et \u00eatre inform\u00e9e. Tous ces aspects ne correspondent pas toujours \u00e0 la conception actuelle des patients ou des clients dans le domaine de la sant\u00e9.<\/p>\n<p><strong>Le secteur veut \u00eatre un sismographe et un pr\u00e9curseur<\/strong><\/p>\n<p>Cette perception serait largement partag\u00e9e par le secteur, a soulign\u00e9 Fritz Link, pr\u00e9sident de la HBV. Bad Krozingen et de nombreuses autres stations thermales et centres de cure du Bade-Wurtemberg montrent qu'elles ont d\u00e9j\u00e0 fait des progr\u00e8s consid\u00e9rables en mati\u00e8re de num\u00e9risation, par exemple dans le domaine du marketing sur les r\u00e9seaux sociaux. \u00ab Nos 54 stations thermales et centres de cure font \u00e9galement preuve de cr\u00e9ativit\u00e9 dans la conception de leurs offres \u00bb et r\u00e9pondent de plus en plus aux exigences des jeunes en particulier. \u00ab Nous voulons d\u00e9lib\u00e9r\u00e9ment conqu\u00e9rir ce groupe cible \u00bb, a soulign\u00e9 M. Link, appelant ainsi \u00e0 se recentrer sur les atouts naturels des stations thermales. Le secteur reconna\u00eet un potentiel particuli\u00e8rement important dans les mesures pr\u00e9ventives et les offres th\u00e9rapeutiques proches de la nature, qui s'appuient toutes deux sur des rem\u00e8des naturels constituant le fondement m\u00eame des stations thermales et des centres de cure.<\/p>\n<p>\u00ab Si les jeunes sont de plus en plus conscients des risques li\u00e9s aux maladies mentales et sont pr\u00eats \u00e0 investir davantage dans la pr\u00e9vention, il appartient alors aux stations thermales et aux centres de cure de leur proposer des offres adapt\u00e9es \u00e0 leur mode de vie et leur apportant des solutions \u00e0 leurs probl\u00e8mes quotidiens. Nous sommes \u00e0 la fois des sismographes et des pr\u00e9curseurs, car nous d\u00e9veloppons ces offres de mani\u00e8re professionnelle et les repr\u00e9sentons de mani\u00e8re cr\u00e9dible. \u00bb Selon M. Link, cela peut aller des offres de pleine conscience aux offres de sommeil sain en passant par les offres de r\u00e9silience au stress.<\/p>\n<p>Les stations thermales et les centres de cure ont re\u00e7u le soutien du vice-pr\u00e9sident du conseil d'administration de l'AOK Baden-W\u00fcrttemberg, Alexander St\u00fctz. Lui aussi se r\u00e9jouit que certains membres de la jeune g\u00e9n\u00e9ration accordent manifestement \u00e0 nouveau plus d'importance \u00e0 la pr\u00e9vention. \u00ab Nous serions ravis que nos offres de pr\u00e9vention rencontrent encore plus de succ\u00e8s \u00e0 l'avenir, car elles permettent de r\u00e9duire de mani\u00e8re av\u00e9r\u00e9e les risques de maladie et les th\u00e9rapies co\u00fbteuses. \u00bb M. St\u00fctz y voit \u00e9galement un aspect social : \u00ab Si nous parvenons \u00e0 r\u00e9tablir une plus grande conscience de la sant\u00e9 dans notre soci\u00e9t\u00e9, toutes g\u00e9n\u00e9rations confondues, cela augmentera \u00e9galement la satisfaction individuelle des gens \u00bb, affirme avec certitude le directeur de l'AOK. En effet, une plus grande conscience de la sant\u00e9 va de pair avec un mode de vie plus attentif et une augmentation du bien-\u00eatre personnel.<\/p>\n<p><strong>\u00c9change interg\u00e9n\u00e9rationnel<\/strong><\/p>\n<p>Reste \u00e0 savoir si les g\u00e9n\u00e9rations jeunes et \u00e2g\u00e9es ne se g\u00eanent pas mutuellement dans les stations thermales et les centres de cure en raison de leurs modes de vie diff\u00e9rents. \u00ab Ce probl\u00e8me est \u00e9galement reconnu \u00bb, estime Fritz Link, qui b\u00e9n\u00e9ficie ici aussi du soutien du vice-pr\u00e9sident du conseil d'administration de l'AOK Baden-W\u00fcrttemberg, Alexander St\u00fctz : \u00ab Les baby-boomers et les repr\u00e9sentants de la g\u00e9n\u00e9ration Z pratiquent d\u00e9j\u00e0 l'\u00e9change interg\u00e9n\u00e9rationnel et forment une \u00e9quipe performante \u00bb. La cl\u00e9 r\u00e9side dans la promotion de la compr\u00e9hension mutuelle et dans l'appr\u00e9ciation des r\u00e9alisations professionnelles et personnelles de chacun.<\/p>\n<p>Appliqu\u00e9 aux stations thermales et aux centres de cure, cela signifierait \u00ab que nous devrions adapter davantage notre offre afin de r\u00e9pondre aux besoins de chaque g\u00e9n\u00e9ration \u00bb, explique Fritz Link. \u00ab Sur le fond, nous en sommes de toute fa\u00e7on capables. Nous pouvons \u00e9galement nous conformer au Code social allemand afin d'obtenir la reconnaissance d'un plus grand nombre de cours de pr\u00e9vention par l'organisme central de contr\u00f4le de la pr\u00e9vention. \u00bb Cela permettrait une \u00e9troite collaboration avec les caisses d'assurance maladie obligatoires et faciliterait ainsi l'acc\u00e8s \u00e0 ces offres pour toutes les g\u00e9n\u00e9rations.<\/p>\t\t\t\t\t\t\t\t<\/div>\n\t\t\t\t<\/div>\n\t\t\t\t\t<\/div>\n\t\t<\/div>\n\t\t\t\t<div class=\"elementor-column elementor-col-20 elementor-top-column elementor-element elementor-element-5268a98d\" data-id=\"5268a98d\" data-element_type=\"column\" data-e-type=\"column\">\n\t\t\t<div class=\"elementor-widget-wrap\">\n\t\t\t\t\t\t\t<\/div>\n\t\t<\/div>\n\t\t\t\t<div class=\"elementor-column elementor-col-20 elementor-top-column elementor-element elementor-element-2144727\" data-id=\"2144727\" data-element_type=\"column\" data-e-type=\"column\">\n\t\t\t<div class=\"elementor-widget-wrap\">\n\t\t\t\t\t\t\t<\/div>\n\t\t<\/div>\n\t\t\t\t\t<\/div>\n\t\t<\/section>\n\t\t\t\t<section class=\"elementor-section elementor-top-section elementor-element elementor-element-a038a07 elementor-section-full_width elementor-section-height-default elementor-section-height-default\" data-id=\"a038a07\" data-element_type=\"section\" data-e-type=\"section\">\n\t\t\t\t\t\t<div class=\"elementor-container elementor-column-gap-default\">\n\t\t\t\t\t<div class=\"elementor-column elementor-col-20 elementor-top-column elementor-element elementor-element-ab46685\" data-id=\"ab46685\" data-element_type=\"column\" data-e-type=\"column\">\n\t\t\t<div class=\"elementor-widget-wrap\">\n\t\t\t\t\t\t\t<\/div>\n\t\t<\/div>\n\t\t\t\t<div class=\"elementor-column elementor-col-20 elementor-top-column elementor-element elementor-element-26e22c5\" data-id=\"26e22c5\" data-element_type=\"column\" data-e-type=\"column\">\n\t\t\t<div class=\"elementor-widget-wrap\">\n\t\t\t\t\t\t\t<\/div>\n\t\t<\/div>\n\t\t\t\t<div class=\"elementor-column elementor-col-20 elementor-top-column elementor-element elementor-element-fb0d28e\" data-id=\"fb0d28e\" data-element_type=\"column\" data-e-type=\"column\">\n\t\t\t<div class=\"elementor-widget-wrap elementor-element-populated\">\n\t\t\t\t\t\t<div class=\"elementor-element elementor-element-65401b7 elementor-widget elementor-widget-heading\" data-id=\"65401b7\" data-element_type=\"widget\" data-e-type=\"widget\" data-widget_type=\"heading.default\">\n\t\t\t\t<div class=\"elementor-widget-container\">\n\t\t\t\t\t<p class=\"elementor-heading-title elementor-size-default\">Downloads<\/p>\t\t\t\t<\/div>\n\t\t\t\t<\/div>\n\t\t\t\t<section class=\"elementor-section elementor-inner-section elementor-element elementor-element-9b7d4c0 elementor-section-full_width elementor-section-height-default elementor-section-height-default\" data-id=\"9b7d4c0\" data-element_type=\"section\" data-e-type=\"section\">\n\t\t\t\t\t\t<div class=\"elementor-container elementor-column-gap-default\">\n\t\t\t\t\t<div class=\"elementor-column elementor-col-50 elementor-inner-column elementor-element elementor-element-a27f10b\" data-id=\"a27f10b\" data-element_type=\"column\" data-e-type=\"column\">\n\t\t\t<div class=\"elementor-widget-wrap\">\n\t\t\t\t\t\t\t<\/div>\n\t\t<\/div>\n\t\t\t\t<div class=\"elementor-column elementor-col-50 elementor-inner-column elementor-element elementor-element-b1fdc2d\" data-id=\"b1fdc2d\" data-element_type=\"column\" data-e-type=\"column\">\n\t\t\t<div class=\"elementor-widget-wrap\">\n\t\t\t\t\t\t\t<\/div>\n\t\t<\/div>\n\t\t\t\t\t<\/div>\n\t\t<\/section>\n\t\t\t\t<section class=\"elementor-section elementor-inner-section elementor-element elementor-element-536df98 elementor-section-full_width elementor-section-height-default elementor-section-height-default\" data-id=\"536df98\" data-element_type=\"section\" data-e-type=\"section\">\n\t\t\t\t\t\t<div class=\"elementor-container elementor-column-gap-default\">\n\t\t\t\t\t<div class=\"elementor-column elementor-col-50 elementor-inner-column elementor-element elementor-element-d16fe54\" data-id=\"d16fe54\" data-element_type=\"column\" data-e-type=\"column\">\n\t\t\t<div class=\"elementor-widget-wrap elementor-element-populated\">\n\t\t\t\t\t\t<div class=\"elementor-element elementor-element-80fb960 elementor-widget elementor-widget-text-editor\" data-id=\"80fb960\" data-element_type=\"widget\" data-e-type=\"widget\" data-widget_type=\"text-editor.default\">\n\t\t\t\t<div class=\"elementor-widget-container\">\n\t\t\t\t\t\t\t\t\t<p><a href=\"https:\/\/naturgesund-bw.de\/wp-content\/uploads\/2025\/11\/PM-Baedertag-2025-1.pdf\">PM Baedertag 2025<\/a><\/p>\t\t\t\t\t\t\t\t<\/div>\n\t\t\t\t<\/div>\n\t\t\t\t\t<\/div>\n\t\t<\/div>\n\t\t\t\t<div class=\"elementor-column elementor-col-50 elementor-inner-column elementor-element elementor-element-77c3e04\" data-id=\"77c3e04\" data-element_type=\"column\" data-e-type=\"column\">\n\t\t\t<div class=\"elementor-widget-wrap elementor-element-populated\">\n\t\t\t\t\t\t<div class=\"elementor-element elementor-element-0fd733f elementor-view-default elementor-widget elementor-widget-icon\" data-id=\"0fd733f\" data-element_type=\"widget\" data-e-type=\"widget\" data-widget_type=\"icon.default\">\n\t\t\t\t<div class=\"elementor-widget-container\">\n\t\t\t\t\t\t\t<div class=\"elementor-icon-wrapper\">\n\t\t\t<a class=\"elementor-icon\" href=\"https:\/\/naturgesund-bw.de\/wp-content\/uploads\/2025\/11\/PM-Baedertag-2025-1.pdf\" target=\"_blank\">\n\t\t\t<svg xmlns=\"http:\/\/www.w3.org\/2000\/svg\" xmlns:xlink=\"http:\/\/www.w3.org\/1999\/xlink\" id=\"Ebene_1\" x=\"0px\" y=\"0px\" viewbox=\"0 0 22 22\" style=\"enable-background:new 0 0 22 22;\" xml:space=\"preserve\"> <style type=\"text\/css\"> .st0{clip-path:url(#SVGID_00000104702804256009013450000003570443636665680032_);} .st1{fill:#005BA8;} <\/style> <g id=\"Gruppe_3300\" transform=\"translate(0 -0.242)\"> <g> <defs> <rect id=\"SVGID_1_\" y=\"0.2\" width=\"22\" height=\"22\"><\/rect> <\/defs> <clippath id=\"SVGID_00000100368570612562588200000010423603048551590285_\"> <use xlink:href=\"#SVGID_1_\" style=\"overflow:visible;\"><\/use> <\/clippath> <g id=\"Gruppe_3299\" transform=\"translate(0 0.242)\" style=\"clip-path:url(#SVGID_00000100368570612562588200000010423603048551590285_);\"> <path id=\"Pfad_7178\" class=\"st1\" d=\"M10.3,17.1c0.4,0.4,1.2,0.4,1.6,0c0,0,0,0,0,0l0,0l4.3-4.3c0.4-0.4,0.4-1.2,0-1.6 c-0.4-0.4-1.2-0.4-1.6,0l0,0l-2.4,2.4V1c0-0.6-0.5-1.2-1.2-1.2S9.9,0.3,9.9,1v12.5l-2.4-2.4c-0.4-0.4-1.2-0.4-1.6,0 c-0.4,0.4-0.4,1.2,0,1.6L10.3,17.1z\"><\/path> <path id=\"Pfad_7179\" class=\"st1\" d=\"M21,9.8c-0.6,0-1.1,0.5-1.1,1.1v8.8H2.3v-8.8c0-0.6-0.5-1.1-1.1-1.1S0,10.3,0,10.9v9.2 C0,21.1,0.9,22,1.9,22c0,0,0,0,0,0h18.4c1.1,0,1.9-0.9,1.9-1.9l0,0v-9.2C22.2,10.3,21.7,9.8,21,9.8C21,9.8,21,9.8,21,9.8\"><\/path> <\/g> <\/g> <\/g> <\/svg>\t\t\t<\/a>\n\t\t<\/div>\n\t\t\t\t\t\t<\/div>\n\t\t\t\t<\/div>\n\t\t\t\t\t<\/div>\n\t\t<\/div>\n\t\t\t\t\t<\/div>\n\t\t<\/section>\n\t\t\t\t\t<\/div>\n\t\t<\/div>\n\t\t\t\t<div class=\"elementor-column elementor-col-20 elementor-top-column elementor-element elementor-element-34e1d05\" data-id=\"34e1d05\" data-element_type=\"column\" data-e-type=\"column\">\n\t\t\t<div class=\"elementor-widget-wrap\">\n\t\t\t\t\t\t\t<\/div>\n\t\t<\/div>\n\t\t\t\t<div class=\"elementor-column elementor-col-20 elementor-top-column elementor-element elementor-element-b2d89e5\" data-id=\"b2d89e5\" data-element_type=\"column\" data-e-type=\"column\">\n\t\t\t<div class=\"elementor-widget-wrap\">\n\t\t\t\t\t\t\t<\/div>\n\t\t<\/div>\n\t\t\t\t\t<\/div>\n\t\t<\/section>\n\t\t\t\t<section class=\"elementor-section elementor-top-section elementor-element elementor-element-679f4a4 elementor-section-full_width elementor-section-height-default elementor-section-height-default\" data-id=\"679f4a4\" data-element_type=\"section\" data-e-type=\"section\">\n\t\t\t\t\t\t<div class=\"elementor-container elementor-column-gap-default\">\n\t\t\t\t\t<div class=\"elementor-column elementor-col-100 elementor-top-column elementor-element elementor-element-0c50a1b\" data-id=\"0c50a1b\" data-element_type=\"column\" data-e-type=\"column\">\n\t\t\t<div class=\"elementor-widget-wrap elementor-element-populated\">\n\t\t\t\t\t\t<div class=\"elementor-element elementor-element-0b2e231 elementor-widget elementor-widget-shortcode\" data-id=\"0b2e231\" data-element_type=\"widget\" data-e-type=\"widget\" data-widget_type=\"shortcode.default\">\n\t\t\t\t<div class=\"elementor-widget-container\">\n\t\t\t\t\t\t\t<div class=\"elementor-shortcode\">\t\t<div data-elementor-type=\"section\" data-elementor-id=\"3612\" class=\"elementor elementor-3612\" data-elementor-post-type=\"elementor_library\">\n\t\t\t\t\t<section class=\"elementor-section elementor-top-section elementor-element elementor-element-540d106 elementor-section-full_width elementor-section-height-default elementor-section-height-default\" data-id=\"540d106\" data-element_type=\"section\" data-e-type=\"section\" data-settings=\"{&quot;background_background&quot;:&quot;classic&quot;}\">\n\t\t\t\t\t\t\t<div class=\"elementor-background-overlay\"><\/div>\n\t\t\t\t\t\t\t<div class=\"elementor-container elementor-column-gap-default\">\n\t\t\t\t\t<div class=\"elementor-column elementor-col-20 elementor-top-column elementor-element elementor-element-dbab23a\" data-id=\"dbab23a\" data-element_type=\"column\" data-e-type=\"column\">\n\t\t\t<div class=\"elementor-widget-wrap\">\n\t\t\t\t\t\t\t<\/div>\n\t\t<\/div>\n\t\t\t\t<div class=\"elementor-column elementor-col-20 elementor-top-column elementor-element elementor-element-f74101f\" data-id=\"f74101f\" data-element_type=\"column\" data-e-type=\"column\">\n\t\t\t<div class=\"elementor-widget-wrap\">\n\t\t\t\t\t\t\t<\/div>\n\t\t<\/div>\n\t\t\t\t<div class=\"elementor-column elementor-col-20 elementor-top-column elementor-element elementor-element-41c5ee1\" data-id=\"41c5ee1\" data-element_type=\"column\" data-e-type=\"column\">\n\t\t\t<div class=\"elementor-widget-wrap elementor-element-populated\">\n\t\t\t\t\t\t<div class=\"elementor-element elementor-element-8c9464c elementor-widget elementor-widget-text-editor\" data-id=\"8c9464c\" data-element_type=\"widget\" data-e-type=\"widget\" data-widget_type=\"text-editor.default\">\n\t\t\t\t<div class=\"elementor-widget-container\">\n\t\t\t\t\t\t\t\t\tF\u00c9D\u00c9RATION\t\t\t\t\t\t\t\t<\/div>\n\t\t\t\t<\/div>\n\t\t\t\t<div class=\"elementor-element elementor-element-fa73d6f elementor-widget elementor-widget-heading\" data-id=\"fa73d6f\" data-element_type=\"widget\" data-e-type=\"widget\" data-widget_type=\"heading.default\">\n\t\t\t\t<div class=\"elementor-widget-container\">\n\t\t\t\t\t<h2 class=\"elementor-heading-title elementor-size-default\">Stations thermales et stations de cure dans le Bade-Wurtemberg<\/h2>\t\t\t\t<\/div>\n\t\t\t\t<\/div>\n\t\t\t\t<div class=\"elementor-element elementor-element-e483613 elementor-widget elementor-widget-spacer\" data-id=\"e483613\" data-element_type=\"widget\" data-e-type=\"widget\" data-widget_type=\"spacer.default\">\n\t\t\t\t<div class=\"elementor-widget-container\">\n\t\t\t\t\t\t\t<div class=\"elementor-spacer\">\n\t\t\t<div class=\"elementor-spacer-inner\"><\/div>\n\t\t<\/div>\n\t\t\t\t\t\t<\/div>\n\t\t\t\t<\/div>\n\t\t\t\t<div class=\"elementor-element elementor-element-b946284 elementor-align-center elementor-widget elementor-widget-button\" data-id=\"b946284\" data-element_type=\"widget\" data-e-type=\"widget\" data-widget_type=\"button.default\">\n\t\t\t\t<div class=\"elementor-widget-container\">\n\t\t\t\t\t\t\t\t\t<div class=\"elementor-button-wrapper\">\n\t\t\t\t\t<a class=\"elementor-button elementor-button-link elementor-size-lg\" href=\"https:\/\/naturgesund-bw.de\/fr\/stations-thermales-et-villes-thermales-en-bade-wurtemberg\/\">\n\t\t\t\t\t\t<span class=\"elementor-button-content-wrapper\">\n\t\t\t\t\t\t<span class=\"elementor-button-icon\">\n\t\t\t\t<i aria-hidden=\"true\" class=\"fas fa-long-arrow-alt-right\"><\/i>\t\t\t<\/span>\n\t\t\t\t\t\t\t\t\t<span class=\"elementor-button-text\">En savoir plus<\/span>\n\t\t\t\t\t<\/span>\n\t\t\t\t\t<\/a>\n\t\t\t\t<\/div>\n\t\t\t\t\t\t\t\t<\/div>\n\t\t\t\t<\/div>\n\t\t\t\t\t<\/div>\n\t\t<\/div>\n\t\t\t\t<div class=\"elementor-column elementor-col-20 elementor-top-column elementor-element elementor-element-6069737\" data-id=\"6069737\" data-element_type=\"column\" data-e-type=\"column\">\n\t\t\t<div class=\"elementor-widget-wrap\">\n\t\t\t\t\t\t\t<\/div>\n\t\t<\/div>\n\t\t\t\t<div class=\"elementor-column elementor-col-20 elementor-top-column elementor-element elementor-element-be21725\" data-id=\"be21725\" data-element_type=\"column\" data-e-type=\"column\">\n\t\t\t<div class=\"elementor-widget-wrap\">\n\t\t\t\t\t\t\t<\/div>\n\t\t<\/div>\n\t\t\t\t\t<\/div>\n\t\t<\/section>\n\t\t\t\t<\/div>\n\t\t<\/div>\n\t\t\t\t\t\t<\/div>\n\t\t\t\t<\/div>\n\t\t\t\t\t<\/div>\n\t\t<\/div>\n\t\t\t\t\t<\/div>\n\t\t<\/section>\n\t\t\t\t<\/div>","protected":false},"excerpt":{"rendered":"<p>L'importance \u00e9conomique du tourisme dans les destinations de loisirs et de sant\u00e9 du Bade-Wurtemberg reste \u00e9lev\u00e9e, mais l\u00e0 aussi, des menaces p\u00e8sent : les exploitants estiment en effet \u00e0 130 millions d'euros les seuls besoins d'investissement pour l'entretien des structures thermales dans les stations thermales et les centres de cure. <\/p>","protected":false},"author":8,"featured_media":9316,"comment_status":"closed","ping_status":"closed","sticky":false,"template":"elementor_header_footer","format":"standard","meta":{"footnotes":""},"categories":[15],"tags":[],"class_list":["post-9298","post","type-post","status-publish","format-standard","has-post-thumbnail","hentry","category-pressemeldungen"],"yoast_head":"<!-- This site is optimized with the Yoast SEO plugin v27.5 - https:\/\/yoast.com\/product\/yoast-seo-wordpress\/ -->\n<title>Heilb\u00e4der und Kurorte im Land sehen Investitionsbedarf in Millionenh\u00f6he<\/title>\n<meta name=\"robots\" content=\"index, follow, max-snippet:-1, max-image-preview:large, max-video-preview:-1\" \/>\n<link rel=\"canonical\" href=\"https:\/\/naturgesund-bw.de\/fr\/les-stations-thermales-et-balneaires-du-pays-ont-besoin-dinvestissements-de-plusieurs-millions\/\" \/>\n<meta property=\"og:locale\" content=\"fr_FR\" \/>\n<meta property=\"og:type\" content=\"article\" \/>\n<meta property=\"og:title\" content=\"Heilb\u00e4der und Kurorte im Land sehen Investitionsbedarf in Millionenh\u00f6he\" \/>\n<meta property=\"og:description\" content=\"Die wirtschaftliche Bedeutung des Tourismus in den Erholungs- und Gesundheitsdestinationen Baden-W\u00fcrttembergs ist nach wie vor hoch \u2013 doch auch hier drohen Erosionen: Denn allein den Investitionsbedarf in den Erhalt der Thermenstruktur in den Heilb\u00e4dern und Kurorten sch\u00e4tzen die Betreiber auf bis zu 130 Millionen Euro.\" \/>\n<meta property=\"og:url\" content=\"https:\/\/naturgesund-bw.de\/fr\/les-stations-thermales-et-balneaires-du-pays-ont-besoin-dinvestissements-de-plusieurs-millions\/\" \/>\n<meta property=\"og:site_name\" content=\"naturgesund translate\" \/>\n<meta property=\"article:publisher\" content=\"https:\/\/www.facebook.com\/naturerholt\/\" \/>\n<meta property=\"article:published_time\" content=\"2025-11-05T09:39:56+00:00\" \/>\n<meta property=\"article:modified_time\" content=\"2025-12-11T11:01:13+00:00\" \/>\n<meta property=\"og:image\" content=\"https:\/\/naturgesund-bw.de\/wp-content\/uploads\/2025\/11\/image00028.jpg\" \/>\n\t<meta property=\"og:image:width\" content=\"900\" \/>\n\t<meta property=\"og:image:height\" content=\"506\" \/>\n\t<meta property=\"og:image:type\" content=\"image\/jpeg\" \/>\n<meta name=\"author\" content=\"Pia Lehmann\" \/>\n<meta name=\"twitter:card\" content=\"summary_large_image\" \/>\n<meta name=\"twitter:label1\" content=\"\u00c9crit par\" \/>\n\t<meta name=\"twitter:data1\" content=\"Pia Lehmann\" \/>\n\t<meta name=\"twitter:label2\" content=\"Dur\u00e9e de lecture estim\u00e9e\" \/>\n\t<meta name=\"twitter:data2\" content=\"5 minutes\" \/>\n<script type=\"application\/ld+json\" class=\"yoast-schema-graph\">{\"@context\":\"https:\\\/\\\/schema.org\",\"@graph\":[{\"@type\":\"Article\",\"@id\":\"https:\\\/\\\/naturgesund-bw.de\\\/heilbaeder-und-kurorte-im-land-sehen-investitionsbedarf-in-millionenhoehe\\\/#article\",\"isPartOf\":{\"@id\":\"https:\\\/\\\/naturgesund-bw.de\\\/heilbaeder-und-kurorte-im-land-sehen-investitionsbedarf-in-millionenhoehe\\\/\"},\"author\":{\"name\":\"Pia Lehmann\",\"@id\":\"https:\\\/\\\/naturgesund-bw.de\\\/#\\\/schema\\\/person\\\/063dc1ed922704929a6b73facaebda46\"},\"headline\":\"Heilb\u00e4der und Kurorte im Land sehen Investitionsbedarf in Millionenh\u00f6he\",\"datePublished\":\"2025-11-05T09:39:56+00:00\",\"dateModified\":\"2025-12-11T11:01:13+00:00\",\"mainEntityOfPage\":{\"@id\":\"https:\\\/\\\/naturgesund-bw.de\\\/heilbaeder-und-kurorte-im-land-sehen-investitionsbedarf-in-millionenhoehe\\\/\"},\"wordCount\":778,\"publisher\":{\"@id\":\"https:\\\/\\\/naturgesund-bw.de\\\/#organization\"},\"image\":{\"@id\":\"https:\\\/\\\/naturgesund-bw.de\\\/heilbaeder-und-kurorte-im-land-sehen-investitionsbedarf-in-millionenhoehe\\\/#primaryimage\"},\"thumbnailUrl\":\"https:\\\/\\\/naturgesund-bw.de\\\/wp-content\\\/uploads\\\/2025\\\/11\\\/image00028.jpg\",\"articleSection\":[\"Pressemeldungen\"],\"inLanguage\":\"fr-FR\"},{\"@type\":\"WebPage\",\"@id\":\"https:\\\/\\\/naturgesund-bw.de\\\/heilbaeder-und-kurorte-im-land-sehen-investitionsbedarf-in-millionenhoehe\\\/\",\"url\":\"https:\\\/\\\/naturgesund-bw.de\\\/heilbaeder-und-kurorte-im-land-sehen-investitionsbedarf-in-millionenhoehe\\\/\",\"name\":\"Heilb\u00e4der und Kurorte im Land sehen Investitionsbedarf in Millionenh\u00f6he\",\"isPartOf\":{\"@id\":\"https:\\\/\\\/naturgesund-bw.de\\\/#website\"},\"primaryImageOfPage\":{\"@id\":\"https:\\\/\\\/naturgesund-bw.de\\\/heilbaeder-und-kurorte-im-land-sehen-investitionsbedarf-in-millionenhoehe\\\/#primaryimage\"},\"image\":{\"@id\":\"https:\\\/\\\/naturgesund-bw.de\\\/heilbaeder-und-kurorte-im-land-sehen-investitionsbedarf-in-millionenhoehe\\\/#primaryimage\"},\"thumbnailUrl\":\"https:\\\/\\\/naturgesund-bw.de\\\/wp-content\\\/uploads\\\/2025\\\/11\\\/image00028.jpg\",\"datePublished\":\"2025-11-05T09:39:56+00:00\",\"dateModified\":\"2025-12-11T11:01:13+00:00\",\"breadcrumb\":{\"@id\":\"https:\\\/\\\/naturgesund-bw.de\\\/heilbaeder-und-kurorte-im-land-sehen-investitionsbedarf-in-millionenhoehe\\\/#breadcrumb\"},\"inLanguage\":\"fr-FR\",\"potentialAction\":[{\"@type\":\"ReadAction\",\"target\":[\"https:\\\/\\\/naturgesund-bw.de\\\/heilbaeder-und-kurorte-im-land-sehen-investitionsbedarf-in-millionenhoehe\\\/\"]}]},{\"@type\":\"ImageObject\",\"inLanguage\":\"fr-FR\",\"@id\":\"https:\\\/\\\/naturgesund-bw.de\\\/heilbaeder-und-kurorte-im-land-sehen-investitionsbedarf-in-millionenhoehe\\\/#primaryimage\",\"url\":\"https:\\\/\\\/naturgesund-bw.de\\\/wp-content\\\/uploads\\\/2025\\\/11\\\/image00028.jpg\",\"contentUrl\":\"https:\\\/\\\/naturgesund-bw.de\\\/wp-content\\\/uploads\\\/2025\\\/11\\\/image00028.jpg\",\"width\":900,\"height\":506,\"caption\":\"Talkrunden-Teilnehmende auf dem baden-w\u00fcrttembergischen B\u00e4dertag am 04. November 2025 in Bad Krozingen.\"},{\"@type\":\"BreadcrumbList\",\"@id\":\"https:\\\/\\\/naturgesund-bw.de\\\/heilbaeder-und-kurorte-im-land-sehen-investitionsbedarf-in-millionenhoehe\\\/#breadcrumb\",\"itemListElement\":[{\"@type\":\"ListItem\",\"position\":1,\"name\":\"Startseite\",\"item\":\"https:\\\/\\\/naturgesund-bw.de\\\/\"},{\"@type\":\"ListItem\",\"position\":2,\"name\":\"Heilb\u00e4der und Kurorte im Land sehen Investitionsbedarf in Millionenh\u00f6he\"}]},{\"@type\":\"WebSite\",\"@id\":\"https:\\\/\\\/naturgesund-bw.de\\\/#website\",\"url\":\"https:\\\/\\\/naturgesund-bw.de\\\/\",\"name\":\"HKM Heilb\u00e4der und Kurorte Marketing GmbH Baden-W\u00fcrttemberg\",\"description\":\"\",\"publisher\":{\"@id\":\"https:\\\/\\\/naturgesund-bw.de\\\/#organization\"},\"potentialAction\":[{\"@type\":\"SearchAction\",\"target\":{\"@type\":\"EntryPoint\",\"urlTemplate\":\"https:\\\/\\\/naturgesund-bw.de\\\/?s={search_term_string}\"},\"query-input\":{\"@type\":\"PropertyValueSpecification\",\"valueRequired\":true,\"valueName\":\"search_term_string\"}}],\"inLanguage\":\"fr-FR\"},{\"@type\":\"Organization\",\"@id\":\"https:\\\/\\\/naturgesund-bw.de\\\/#organization\",\"name\":\"HKM Heilb\u00e4der und Kurorte Marketing GmbH Baden-W\u00fcrttemberg\",\"url\":\"https:\\\/\\\/naturgesund-bw.de\\\/\",\"logo\":{\"@type\":\"ImageObject\",\"inLanguage\":\"fr-FR\",\"@id\":\"https:\\\/\\\/naturgesund-bw.de\\\/#\\\/schema\\\/logo\\\/image\\\/\",\"url\":\"https:\\\/\\\/naturgesund-bw.de\\\/wp-content\\\/uploads\\\/2023\\\/10\\\/HKM-Logo.png\",\"contentUrl\":\"https:\\\/\\\/naturgesund-bw.de\\\/wp-content\\\/uploads\\\/2023\\\/10\\\/HKM-Logo.png\",\"width\":559,\"height\":89,\"caption\":\"HKM Heilb\u00e4der und Kurorte Marketing GmbH Baden-W\u00fcrttemberg\"},\"image\":{\"@id\":\"https:\\\/\\\/naturgesund-bw.de\\\/#\\\/schema\\\/logo\\\/image\\\/\"},\"sameAs\":[\"https:\\\/\\\/www.facebook.com\\\/naturerholt\\\/\",\"https:\\\/\\\/www.instagram.com\\\/natur.erholt\\\/\",\"https:\\\/\\\/www.tiktok.com\\\/@natur.erholt\"]},{\"@type\":\"Person\",\"@id\":\"https:\\\/\\\/naturgesund-bw.de\\\/#\\\/schema\\\/person\\\/063dc1ed922704929a6b73facaebda46\",\"name\":\"Pia Lehmann\",\"url\":\"https:\\\/\\\/naturgesund-bw.de\\\/fr\\\/author\\\/pia\\\/\"}]}<\/script>\n<!-- \/ Yoast SEO plugin. -->","yoast_head_json":{"title":"Les stations thermales et les centres de cure du Land ont besoin d'investissements \u00e0 hauteur de plusieurs millions","robots":{"index":"index","follow":"follow","max-snippet":"max-snippet:-1","max-image-preview":"max-image-preview:large","max-video-preview":"max-video-preview:-1"},"canonical":"https:\/\/naturgesund-bw.de\/fr\/les-stations-thermales-et-balneaires-du-pays-ont-besoin-dinvestissements-de-plusieurs-millions\/","og_locale":"fr_FR","og_type":"article","og_title":"Heilb\u00e4der und Kurorte im Land sehen Investitionsbedarf in Millionenh\u00f6he","og_description":"Die wirtschaftliche Bedeutung des Tourismus in den Erholungs- und Gesundheitsdestinationen Baden-W\u00fcrttembergs ist nach wie vor hoch \u2013 doch auch hier drohen Erosionen: Denn allein den Investitionsbedarf in den Erhalt der Thermenstruktur in den Heilb\u00e4dern und Kurorten sch\u00e4tzen die Betreiber auf bis zu 130 Millionen Euro.","og_url":"https:\/\/naturgesund-bw.de\/fr\/les-stations-thermales-et-balneaires-du-pays-ont-besoin-dinvestissements-de-plusieurs-millions\/","og_site_name":"naturgesund translate","article_publisher":"https:\/\/www.facebook.com\/naturerholt\/","article_published_time":"2025-11-05T09:39:56+00:00","article_modified_time":"2025-12-11T11:01:13+00:00","og_image":[{"width":900,"height":506,"url":"https:\/\/naturgesund-bw.de\/wp-content\/uploads\/2025\/11\/image00028.jpg","type":"image\/jpeg"}],"author":"Pia Lehmann","twitter_card":"summary_large_image","twitter_misc":{"\u00c9crit par":"Pia Lehmann","Dur\u00e9e de lecture estim\u00e9e":"5 minutes"},"schema":{"@context":"https:\/\/schema.org","@graph":[{"@type":"Article","@id":"https:\/\/naturgesund-bw.de\/heilbaeder-und-kurorte-im-land-sehen-investitionsbedarf-in-millionenhoehe\/#article","isPartOf":{"@id":"https:\/\/naturgesund-bw.de\/heilbaeder-und-kurorte-im-land-sehen-investitionsbedarf-in-millionenhoehe\/"},"author":{"name":"Pia Lehmann","@id":"https:\/\/naturgesund-bw.de\/#\/schema\/person\/063dc1ed922704929a6b73facaebda46"},"headline":"Heilb\u00e4der und Kurorte im Land sehen Investitionsbedarf in Millionenh\u00f6he","datePublished":"2025-11-05T09:39:56+00:00","dateModified":"2025-12-11T11:01:13+00:00","mainEntityOfPage":{"@id":"https:\/\/naturgesund-bw.de\/heilbaeder-und-kurorte-im-land-sehen-investitionsbedarf-in-millionenhoehe\/"},"wordCount":778,"publisher":{"@id":"https:\/\/naturgesund-bw.de\/#organization"},"image":{"@id":"https:\/\/naturgesund-bw.de\/heilbaeder-und-kurorte-im-land-sehen-investitionsbedarf-in-millionenhoehe\/#primaryimage"},"thumbnailUrl":"https:\/\/naturgesund-bw.de\/wp-content\/uploads\/2025\/11\/image00028.jpg","articleSection":["Pressemeldungen"],"inLanguage":"fr-FR"},{"@type":"WebPage","@id":"https:\/\/naturgesund-bw.de\/heilbaeder-und-kurorte-im-land-sehen-investitionsbedarf-in-millionenhoehe\/","url":"https:\/\/naturgesund-bw.de\/heilbaeder-und-kurorte-im-land-sehen-investitionsbedarf-in-millionenhoehe\/","name":"Les stations thermales et les centres de cure du Land ont besoin d'investissements \u00e0 hauteur de plusieurs millions","isPartOf":{"@id":"https:\/\/naturgesund-bw.de\/#website"},"primaryImageOfPage":{"@id":"https:\/\/naturgesund-bw.de\/heilbaeder-und-kurorte-im-land-sehen-investitionsbedarf-in-millionenhoehe\/#primaryimage"},"image":{"@id":"https:\/\/naturgesund-bw.de\/heilbaeder-und-kurorte-im-land-sehen-investitionsbedarf-in-millionenhoehe\/#primaryimage"},"thumbnailUrl":"https:\/\/naturgesund-bw.de\/wp-content\/uploads\/2025\/11\/image00028.jpg","datePublished":"2025-11-05T09:39:56+00:00","dateModified":"2025-12-11T11:01:13+00:00","breadcrumb":{"@id":"https:\/\/naturgesund-bw.de\/heilbaeder-und-kurorte-im-land-sehen-investitionsbedarf-in-millionenhoehe\/#breadcrumb"},"inLanguage":"fr-FR","potentialAction":[{"@type":"ReadAction","target":["https:\/\/naturgesund-bw.de\/heilbaeder-und-kurorte-im-land-sehen-investitionsbedarf-in-millionenhoehe\/"]}]},{"@type":"ImageObject","inLanguage":"fr-FR","@id":"https:\/\/naturgesund-bw.de\/heilbaeder-und-kurorte-im-land-sehen-investitionsbedarf-in-millionenhoehe\/#primaryimage","url":"https:\/\/naturgesund-bw.de\/wp-content\/uploads\/2025\/11\/image00028.jpg","contentUrl":"https:\/\/naturgesund-bw.de\/wp-content\/uploads\/2025\/11\/image00028.jpg","width":900,"height":506,"caption":"Talkrunden-Teilnehmende auf dem baden-w\u00fcrttembergischen B\u00e4dertag am 04. November 2025 in Bad Krozingen."},{"@type":"BreadcrumbList","@id":"https:\/\/naturgesund-bw.de\/heilbaeder-und-kurorte-im-land-sehen-investitionsbedarf-in-millionenhoehe\/#breadcrumb","itemListElement":[{"@type":"ListItem","position":1,"name":"Startseite","item":"https:\/\/naturgesund-bw.de\/"},{"@type":"ListItem","position":2,"name":"Heilb\u00e4der und Kurorte im Land sehen Investitionsbedarf in Millionenh\u00f6he"}]},{"@type":"WebSite","@id":"https:\/\/naturgesund-bw.de\/#website","url":"https:\/\/naturgesund-bw.de\/","name":"HKM Heilb\u00e4der und Kurorte Marketing GmbH Bade-Wurtemberg","description":"","publisher":{"@id":"https:\/\/naturgesund-bw.de\/#organization"},"potentialAction":[{"@type":"SearchAction","target":{"@type":"EntryPoint","urlTemplate":"https:\/\/naturgesund-bw.de\/?s={search_term_string}"},"query-input":{"@type":"PropertyValueSpecification","valueRequired":true,"valueName":"search_term_string"}}],"inLanguage":"fr-FR"},{"@type":"Organization","@id":"https:\/\/naturgesund-bw.de\/#organization","name":"HKM Heilb\u00e4der und Kurorte Marketing GmbH Bade-Wurtemberg","url":"https:\/\/naturgesund-bw.de\/","logo":{"@type":"ImageObject","inLanguage":"fr-FR","@id":"https:\/\/naturgesund-bw.de\/#\/schema\/logo\/image\/","url":"https:\/\/naturgesund-bw.de\/wp-content\/uploads\/2023\/10\/HKM-Logo.png","contentUrl":"https:\/\/naturgesund-bw.de\/wp-content\/uploads\/2023\/10\/HKM-Logo.png","width":559,"height":89,"caption":"HKM Heilb\u00e4der und Kurorte Marketing GmbH Baden-W\u00fcrttemberg"},"image":{"@id":"https:\/\/naturgesund-bw.de\/#\/schema\/logo\/image\/"},"sameAs":["https:\/\/www.facebook.com\/naturerholt\/","https:\/\/www.instagram.com\/natur.erholt\/","https:\/\/www.tiktok.com\/@natur.erholt"]},{"@type":"Person","@id":"https:\/\/naturgesund-bw.de\/#\/schema\/person\/063dc1ed922704929a6b73facaebda46","name":"Pia Lehmann","url":"https:\/\/naturgesund-bw.de\/fr\/author\/pia\/"}]}},"_links":{"self":[{"href":"https:\/\/naturgesund-bw.de\/fr\/wp-json\/wp\/v2\/posts\/9298","targetHints":{"allow":["GET"]}}],"collection":[{"href":"https:\/\/naturgesund-bw.de\/fr\/wp-json\/wp\/v2\/posts"}],"about":[{"href":"https:\/\/naturgesund-bw.de\/fr\/wp-json\/wp\/v2\/types\/post"}],"author":[{"embeddable":true,"href":"https:\/\/naturgesund-bw.de\/fr\/wp-json\/wp\/v2\/users\/8"}],"replies":[{"embeddable":true,"href":"https:\/\/naturgesund-bw.de\/fr\/wp-json\/wp\/v2\/comments?post=9298"}],"version-history":[{"count":14,"href":"https:\/\/naturgesund-bw.de\/fr\/wp-json\/wp\/v2\/posts\/9298\/revisions"}],"predecessor-version":[{"id":9319,"href":"https:\/\/naturgesund-bw.de\/fr\/wp-json\/wp\/v2\/posts\/9298\/revisions\/9319"}],"wp:featuredmedia":[{"embeddable":true,"href":"https:\/\/naturgesund-bw.de\/fr\/wp-json\/wp\/v2\/media\/9316"}],"wp:attachment":[{"href":"https:\/\/naturgesund-bw.de\/fr\/wp-json\/wp\/v2\/media?parent=9298"}],"wp:term":[{"taxonomy":"category","embeddable":true,"href":"https:\/\/naturgesund-bw.de\/fr\/wp-json\/wp\/v2\/categories?post=9298"},{"taxonomy":"post_tag","embeddable":true,"href":"https:\/\/naturgesund-bw.de\/fr\/wp-json\/wp\/v2\/tags?post=9298"}],"curies":[{"name":"wp","href":"https:\/\/api.w.org\/{rel}","templated":true}]}}